{"id":1200,"date":"2022-04-23T08:58:07","date_gmt":"2022-04-23T08:58:07","guid":{"rendered":"https:\/\/www.lescapadealascaux.com\/?p=1200"},"modified":"2022-04-25T09:32:50","modified_gmt":"2022-04-25T09:32:50","slug":"chateau-de-beynac","status":"publish","type":"post","link":"https:\/\/www.lescapadealascaux.com\/en\/chateau-de-beynac\/","title":{"rendered":"Ch\u00e2teau de Beynac"},"content":{"rendered":"<p><img decoding=\"async\" width=\"300\" height=\"300\" src=\"https:\/\/www.lescapadealascaux.com\/wp-content\/uploads\/2022\/04\/Logo625jpgblanc-300x300.jpg\" alt=\"L&#039;Escapade \u00e0 Lascaux\" loading=\"lazy\" srcset=\"https:\/\/www.lescapadealascaux.com\/wp-content\/uploads\/2022\/04\/Logo625jpgblanc-300x300.jpg 300w, https:\/\/www.lescapadealascaux.com\/wp-content\/uploads\/2022\/04\/Logo625jpgblanc-150x150.jpg 150w, https:\/\/www.lescapadealascaux.com\/wp-content\/uploads\/2022\/04\/Logo625jpgblanc-42x42.jpg 42w, https:\/\/www.lescapadealascaux.com\/wp-content\/uploads\/2022\/04\/Logo625jpgblanc-80x80.jpg 80w, https:\/\/www.lescapadealascaux.com\/wp-content\/uploads\/2022\/04\/Logo625jpgblanc-394x394.jpg 394w, https:\/\/www.lescapadealascaux.com\/wp-content\/uploads\/2022\/04\/Logo625jpgblanc-303x303.jpg 303w, https:\/\/www.lescapadealascaux.com\/wp-content\/uploads\/2022\/04\/Logo625jpgblanc-605x605.jpg 605w, https:\/\/www.lescapadealascaux.com\/wp-content\/uploads\/2022\/04\/Logo625jpgblanc-600x600.jpg 600w, https:\/\/www.lescapadealascaux.com\/wp-content\/uploads\/2022\/04\/Logo625jpgblanc-100x100.jpg 100w, https:\/\/www.lescapadealascaux.com\/wp-content\/uploads\/2022\/04\/Logo625jpgblanc.jpg 625w\" sizes=\"(max-width: 300px) 100vw, 300px\" \/>\t\t\t\t\t\t\t\t\t\t\t\t\t\t<\/p>\n<figure>\n\t\t\t\t\t\t\t\t\t\t<img decoding=\"async\" width=\"605\" height=\"403\" src=\"https:\/\/www.lescapadealascaux.com\/wp-content\/uploads\/2022\/04\/chateau-beynac-\u00a9les-conteurs-s.jpg\" alt=\"Ch\u00e2teau de Beynac\" loading=\"lazy\" srcset=\"https:\/\/www.lescapadealascaux.com\/wp-content\/uploads\/2022\/04\/chateau-beynac-\u00a9les-conteurs-s.jpg 605w, https:\/\/www.lescapadealascaux.com\/wp-content\/uploads\/2022\/04\/chateau-beynac-\u00a9les-conteurs-s-300x200.jpg 300w, https:\/\/www.lescapadealascaux.com\/wp-content\/uploads\/2022\/04\/chateau-beynac-\u00a9les-conteurs-s-63x42.jpg 63w, https:\/\/www.lescapadealascaux.com\/wp-content\/uploads\/2022\/04\/chateau-beynac-\u00a9les-conteurs-s-120x80.jpg 120w, https:\/\/www.lescapadealascaux.com\/wp-content\/uploads\/2022\/04\/chateau-beynac-\u00a9les-conteurs-s-394x262.jpg 394w, https:\/\/www.lescapadealascaux.com\/wp-content\/uploads\/2022\/04\/chateau-beynac-\u00a9les-conteurs-s-600x400.jpg 600w\" sizes=\"(max-width: 605px) 100vw, 605px\" \/><figcaption>chateau-beynac-\u00a9les-conteurs<\/figcaption><\/figure>\n<h1>\n                        Ch\u00e2teau de Beynac                    <\/h1>\n<\/p>\n<p>                Distance de L&#039;Escapade \u00e0 Lascaux<br \/>\n                <a href=\"http:\/\/chateau-beynac.com\/\" target=\"_blank\" rel=\"noopener\"><br \/>\n                                            R\u00e9server                                    <\/a><br \/>\n                        \t\t\t\t\t\t37 Km<br \/>\n                        \t\t\t\t\t\t42 Min<\/p>\n<h2>\n                        Notre avis                    <\/h2>\n<p><b>Superbe, majestueux<\/b>, les adjectifs ne manquent pas pour d\u00e9crire cet \u00e9difice ! Perch\u00e9 \u00e0 plus de 150 m au-dessus de la Dordogne, il impressionne  d\u00e8s qu\u2019il appara\u00eet, et lorsqu\u2019on est \u00e0 l\u2019int\u00e9rieur, il offre <b>une vue \u00e0 couper le souffle<\/b>.<br \/>\nConstruit \u00e0 partir du XII\u00e8me si\u00e8cle, il fut l\u2019ennemi jur\u00e9 de Castelnaud pendant la <b>guerre de Cent Ans<\/b>, ce dernier \u00e9tant aux mains des Anglais alors que Beynac \u00e9tait dans le camp Fran\u00e7ais.<br \/>\nOn peut alors revivre l\u2019histoire de <b>Richard C\u0153ur de Lion et Ali\u00e9nor d\u2019Aquitaine<\/b>, mais aussi observer des changements architecturaux en visitant la partie Renaissance.<br \/>\nIl a plusieurs fois servi de d\u00e9cor pour des tournages, notamment Les Visiteurs en 1993 (d\u00e9j\u00e0 !) mais aussi plus r\u00e9cemment The Last Duel, de Ridley Scott, avec Matt Damon, Ben Affleck et Adam Driver (c\u2019est autre chose que Christian Clavier, mais chacun ses go\u00fbts\u2026) <\/p>\n<figure>\n\t\t\t\t\t\t\t\t\t\t<img decoding=\"async\" width=\"403\" height=\"605\" src=\"https:\/\/www.lescapadealascaux.com\/wp-content\/uploads\/2022\/04\/chateau-beynac-dordogne-tourisme-agence-les-conteurs-25.jpg\" alt=\"chateau-beynac\" loading=\"lazy\" srcset=\"https:\/\/www.lescapadealascaux.com\/wp-content\/uploads\/2022\/04\/chateau-beynac-dordogne-tourisme-agence-les-conteurs-25.jpg 403w, https:\/\/www.lescapadealascaux.com\/wp-content\/uploads\/2022\/04\/chateau-beynac-dordogne-tourisme-agence-les-conteurs-25-200x300.jpg 200w, https:\/\/www.lescapadealascaux.com\/wp-content\/uploads\/2022\/04\/chateau-beynac-dordogne-tourisme-agence-les-conteurs-25-28x42.jpg 28w, https:\/\/www.lescapadealascaux.com\/wp-content\/uploads\/2022\/04\/chateau-beynac-dordogne-tourisme-agence-les-conteurs-25-53x80.jpg 53w, https:\/\/www.lescapadealascaux.com\/wp-content\/uploads\/2022\/04\/chateau-beynac-dordogne-tourisme-agence-les-conteurs-25-202x303.jpg 202w\" sizes=\"(max-width: 403px) 100vw, 403px\" \/><figcaption>chateau-beynac\u00a9les-conteurs<\/figcaption><\/figure>\n<figure>\n\t\t\t\t\t\t\t\t\t\t<img decoding=\"async\" width=\"403\" height=\"605\" src=\"https:\/\/www.lescapadealascaux.com\/wp-content\/uploads\/2022\/04\/chateau-beynac-dordogne-tourisme-agence-les-conteurs-50.jpg\" alt=\"chateau-beynac\" loading=\"lazy\" srcset=\"https:\/\/www.lescapadealascaux.com\/wp-content\/uploads\/2022\/04\/chateau-beynac-dordogne-tourisme-agence-les-conteurs-50.jpg 403w, https:\/\/www.lescapadealascaux.com\/wp-content\/uploads\/2022\/04\/chateau-beynac-dordogne-tourisme-agence-les-conteurs-50-200x300.jpg 200w, https:\/\/www.lescapadealascaux.com\/wp-content\/uploads\/2022\/04\/chateau-beynac-dordogne-tourisme-agence-les-conteurs-50-28x42.jpg 28w, https:\/\/www.lescapadealascaux.com\/wp-content\/uploads\/2022\/04\/chateau-beynac-dordogne-tourisme-agence-les-conteurs-50-53x80.jpg 53w, https:\/\/www.lescapadealascaux.com\/wp-content\/uploads\/2022\/04\/chateau-beynac-dordogne-tourisme-agence-les-conteurs-50-202x303.jpg 202w\" sizes=\"(max-width: 403px) 100vw, 403px\" \/><figcaption>chateau-beynac \u00a9les-conteurs<\/figcaption><\/figure>\n<h2>\n                        Le Lieu                    <\/h2>\n<p>Ce nid d\u2019aigle pourrait para\u00eetre aust\u00e8re s\u2019il n\u2019avait le soleil pour illuminer ses murs et la Dordogne pour miroir. Les couleurs changeantes, la luminosit\u00e9 de la pierre, du ciel et de l\u2019eau font de Beynac, en toutes saisons, <b>le paradis des peintres et des photographes<\/b>.<br \/>\nLa forteresse \u00e9tait, avec Biron, Bourdeilles et Mareuil, une des quatre <b>baronnies originelles du P\u00e9rigord<\/b>. Le ch\u00e2teau \u00e9tait si puissant \u00e0 l\u2019\u00e9poque cathare qu\u2019il fut surnomm\u00e9 \u00ab l\u2019arche de Satan \u00bb\u2026 Lors de la Guerre de Cent ans, les Anglais ne purent jamais s\u2019en emparer.\n<\/p>\n<h4>\n                        Derni\u00e8rement le lieu du tournage du film \u00ab\u00a0le dernier duel\u00a0\u00bb de Ridley Scott avec Ben Affleck !                    <\/h4>\n<\/p>\n<h2>\n                        Notre conseil                    <\/h2>\n<p><b>La visite guid\u00e9e est tr\u00e8s enrichissante<\/b>, pour notre part nous avons eu beaucoup de chance, nous \u00e9tions les seuls \u00e0 avoir r\u00e9serv\u00e9 ce cr\u00e9neau en visite guid\u00e9e, nous avons donc eu un guide rien que pour nous, nous vous souhaitons la m\u00eame chance ! <b>Ne pas manquer la visite du village<\/b>, labellis\u00e9 \u00ab Plus Beau Village de France \u00bb. Le po\u00e8te Paul Eluard acheva sa vie \u00e0 Beynac o\u00f9 il poss\u00e9dait une maison. <\/p>\n<figure>\n\t\t\t\t\t\t\t\t\t\t<img decoding=\"async\" width=\"605\" height=\"404\" src=\"https:\/\/www.lescapadealascaux.com\/wp-content\/uploads\/2022\/04\/Beynac-\u00a9-CDT-Dordogne.jpg\" alt=\"Beynac\" loading=\"lazy\" srcset=\"https:\/\/www.lescapadealascaux.com\/wp-content\/uploads\/2022\/04\/Beynac-\u00a9-CDT-Dordogne.jpg 605w, https:\/\/www.lescapadealascaux.com\/wp-content\/uploads\/2022\/04\/Beynac-\u00a9-CDT-Dordogne-300x200.jpg 300w, https:\/\/www.lescapadealascaux.com\/wp-content\/uploads\/2022\/04\/Beynac-\u00a9-CDT-Dordogne-63x42.jpg 63w, https:\/\/www.lescapadealascaux.com\/wp-content\/uploads\/2022\/04\/Beynac-\u00a9-CDT-Dordogne-120x80.jpg 120w, https:\/\/www.lescapadealascaux.com\/wp-content\/uploads\/2022\/04\/Beynac-\u00a9-CDT-Dordogne-394x263.jpg 394w, https:\/\/www.lescapadealascaux.com\/wp-content\/uploads\/2022\/04\/Beynac-\u00a9-CDT-Dordogne-600x401.jpg 600w\" sizes=\"(max-width: 605px) 100vw, 605px\" \/><figcaption>Beynac-\u00a9-CDT-Dordogne<\/figcaption><\/figure>\n<h2>\n                        Les infos pratiques                    <\/h2>\n<\/p>\n<h4>\n                        Le lien vers le site                    <\/h4>\n<\/p>\n<p>\t\t\t<a href=\"http:\/\/chateau-beynac.com\/\" target=\"_blank\" role=\"button\" rel=\"noopener\"><br \/>\n\t\t\t\t\t\tCh\u00e2teau de Beynac<br \/>\n\t\t\t\t\t<\/a><\/p>\n<h4>\n                        Les Tarifs                    <\/h4>\n<p>Adulte : 9,50 \u20ac ;<br \/>\n11-16 ans : 7,00 \u20ac ;<br \/>\n&#8211; de 10 ans : gratuit.<br \/>\nOuvert toute l&rsquo;ann\u00e9e, tous les jours<\/p>\n<p>\t\t\t<a href=\"http:\/\/chateau-beynac.com\/infos-pratiques\/#billetterie\" target=\"_blank\" role=\"button\" rel=\"noopener\"><br \/>\n\t\t\t\t\t\tBilletterie<br \/>\n\t\t\t\t\t<\/a><\/p>\n<h3>\n                        La carte pour s&rsquo;y rendre                    <\/h3>\n<\/p>\n<p>\t\t\t<iframe frameborder=\"0\" scrolling=\"no\" marginheight=\"0\" marginwidth=\"0\"\n\t\t\t\t\tsrc=\"https:\/\/maps.google.com\/maps?q=Ch%C3%A2teau%20de%20beynac&#038;t=m&#038;z=10&#038;output=embed&#038;iwloc=near\"\n\t\t\t\t\ttitle=\"Ch\u00e2teau de beynac\"\n\t\t\t\t\taria-label=\"Ch\u00e2teau de beynac\"\n\t\t\t><\/iframe><\/p>","protected":false},"excerpt":{"rendered":"<p>chateau-beynac-\u00a9les-conteurs Ch\u00e2teau de Beynac Distance de L&#039;Escapade \u00e0 Lascaux R\u00e9server 37 Km 42 Min Notre avis Superbe, majestueux, les adjectifs ne manquent pas pour d\u00e9crire cet \u00e9difice ! Perch\u00e9 \u00e0 plus de 150 m au-dessus de la Dordogne, il impressionne d\u00e8s qu\u2019il appara\u00eet, et lorsqu\u2019on est \u00e0 l\u2019int\u00e9rieur, il offre une vue \u00e0 couper le [&hellip;]<\/p>\n","protected":false},"author":1,"featured_media":932,"comment_status":"open","ping_status":"open","sticky":false,"template":"","format":"standard","meta":{"_et_pb_use_builder":"","_et_pb_old_content":"","_et_gb_content_width":"","footnotes":""},"categories":[40,36,33,37],"tags":[],"jetpack_featured_media_url":"https:\/\/www.lescapadealascaux.com\/wp-content\/uploads\/2022\/04\/chateau-beynac-\u00a9les-conteurs-s.jpg","_links":{"self":[{"href":"https:\/\/www.lescapadealascaux.com\/en\/wp-json\/wp\/v2\/posts\/1200"}],"collection":[{"href":"https:\/\/www.lescapadealascaux.com\/en\/wp-json\/wp\/v2\/posts"}],"about":[{"href":"https:\/\/www.lescapadealascaux.com\/en\/wp-json\/wp\/v2\/types\/post"}],"author":[{"embeddable":true,"href":"https:\/\/www.lescapadealascaux.com\/en\/wp-json\/wp\/v2\/users\/1"}],"replies":[{"embeddable":true,"href":"https:\/\/www.lescapadealascaux.com\/en\/wp-json\/wp\/v2\/comments?post=1200"}],"version-history":[{"count":0,"href":"https:\/\/www.lescapadealascaux.com\/en\/wp-json\/wp\/v2\/posts\/1200\/revisions"}],"wp:featuredmedia":[{"embeddable":true,"href":"https:\/\/www.lescapadealascaux.com\/en\/wp-json\/wp\/v2\/media\/932"}],"wp:attachment":[{"href":"https:\/\/www.lescapadealascaux.com\/en\/wp-json\/wp\/v2\/media?parent=1200"}],"wp:term":[{"taxonomy":"category","embeddable":true,"href":"https:\/\/www.lescapadealascaux.com\/en\/wp-json\/wp\/v2\/categories?post=1200"},{"taxonomy":"post_tag","embeddable":true,"href":"https:\/\/www.lescapadealascaux.com\/en\/wp-json\/wp\/v2\/tags?post=1200"}],"curies":[{"name":"wp","href":"https:\/\/api.w.org\/{rel}","templated":true}]}}